{"id":966,"date":"2023-10-03T08:45:26","date_gmt":"2023-10-03T14:45:26","guid":{"rendered":"https:\/\/juandiego.net\/dux\/?p=966"},"modified":"2023-10-03T08:58:39","modified_gmt":"2023-10-03T14:58:39","slug":"los-cuatro-pilares-del-pensamiento-farmaceutico","status":"publish","type":"post","link":"https:\/\/juandiego.net\/dux\/los-cuatro-pilares-del-pensamiento-farmaceutico\/","title":{"rendered":"Los cinco pilares del pensamiento farmac\u00e9utico"},"content":{"rendered":"\n<blockquote class=\"wp-block-quote is-layout-flow wp-block-quote-is-layout-flow\">\n<p class=\"wp-block-paragraph\">Pienso luego existo. <\/p>\n<cite>Ren\u00e9 Descartes<\/cite><\/blockquote>\n\n\n\n<p class=\"wp-block-paragraph\">Los farmac\u00e9uticos que salen d\u00eda a d\u00eda a realizar sus labores ordinarias, muchas veces ya est\u00e1n trabajando antes de empezar a trabajar; adem\u00e1s, cargan muchas de sus propias cruces.<\/p>\n\n\n\n<p class=\"wp-block-paragraph\">Es por esto que a mi parecer, para intentar ayudar al pr\u00f3jimo, primero debemos trabajar en nuestros pensamientos, de tal manera que al tratar de entender al pr\u00f3jimo&#8230; Seamos capaces de entendernos a nosotros mismos, valorando en nuestro interior cu\u00e1l es nuestro estado general.<\/p>\n\n\n\n<h2 class=\"wp-block-heading\">Enojo, ira o mal humor, a donde nos llevan<\/h2>\n\n\n\n<p class=\"wp-block-paragraph\">Esto, por poner algunos adjetivos.<\/p>\n\n\n\n<p class=\"wp-block-paragraph\">Existen personas que trabajan de este modo y sienten que es lo correcto.<\/p>\n\n\n\n<figure class=\"wp-block-image size-full\"><img loading=\"lazy\" decoding=\"async\" width=\"1024\" height=\"768\" src=\"https:\/\/juandiego.net\/dux\/wp-content\/uploads\/2023\/10\/farcri.jpg\" alt=\"\" class=\"wp-image-973\" srcset=\"https:\/\/juandiego.net\/dux\/wp-content\/uploads\/2023\/10\/farcri.jpg 1024w, https:\/\/juandiego.net\/dux\/wp-content\/uploads\/2023\/10\/farcri-300x225.jpg 300w, https:\/\/juandiego.net\/dux\/wp-content\/uploads\/2023\/10\/farcri-768x576.jpg 768w\" sizes=\"auto, (max-width: 1024px) 100vw, 1024px\" \/><\/figure>\n\n\n\n<p class=\"wp-block-paragraph\">El ejemplo ser\u00eda: alguien me hizo enojar y por qu\u00e9 soy as\u00ed, debo vivir en el enojo, por lo menos ese d\u00eda.<\/p>\n\n\n\n<p class=\"wp-block-paragraph\">Todos tenemos d\u00edas de d\u00edas, por lo que debemos cultivar en nuestra menta claridad, empat\u00eda, misericordia y mucha resiliencia. Evidentemente, suena muy f\u00e1cil, pero es un proceso que se debe \u00abdesherbar\u00bb d\u00eda a d\u00eda, entendiendo que se puede caer en las provocaciones, pero tambi\u00e9n entendiendo que se debe volver al camino correcto.<\/p>\n\n\n\n<p class=\"has-secondary-color has-primary-background-color has-text-color has-background has-link-color wp-elements-fb86d626789cadcb6c3db843d6c1b436 wp-block-paragraph\"><strong>Resiliencia<\/strong> &#8211; Se refiere a la capacidad de una persona para afrontar las adversidades y desaf\u00edos de la vida con serenidad y fortaleza interior, manteniendo su equilibrio emocional y moral.<\/p>\n\n\n\n<h2 class=\"wp-block-heading\">Volviendo al camino correcto<\/h2>\n\n\n\n<p class=\"wp-block-paragraph\"><strong>Autoexamen<\/strong>: programe habitualmente tiempo para evaluar su proceder. No solo a nivel profesional, sino a nivel personal. Reflexione sobre sus pensamientos, acciones y emociones. Esto le permitir\u00e1 identificar \u00e1reas por mejorar y crecer.<\/p>\n\n\n\n<p class=\"wp-block-paragraph\"><strong>Autocontrol<\/strong>: evite pensamientos que lo lleven a actuar de manera impulsiva.<\/p>\n\n\n\n<p class=\"wp-block-paragraph\"><strong>Aceptaci\u00f3n<\/strong>: acepte las circunstancias de la vida tal como son y trate de adaptarse. Como en todo, hay cosas que se pueden controlar y otras no. C\u00e9ntrese en lo que puede controlar, por ejemplo: sus acciones y reacciones.<\/p>\n\n\n\n<p class=\"wp-block-paragraph\"><strong>Pr\u00e1ctica<\/strong>: Nada funciona si se queda en el papel, llevar los pensamientos a la pr\u00e1ctica guiados por principios, ser\u00e1 fundamental para tomar decisiones, aunque estas sean dif\u00edciles.<\/p>\n\n\n\n<p class=\"wp-block-paragraph\"><strong>Desapego<\/strong>: de que depende su buen humor, del cliente que no se llev\u00f3 todos los medicamentos de la receta, del cliente que le reclamo exaltado por los precios o de su compa\u00f1ero de trabajo que no se comporta como usted quiere&#8230; No ponga su buen humor en manos de las cosas exteriores.<\/p>\n\n\n\n<p class=\"wp-block-paragraph\">Como todo cambio para que sea efectivo y sostenible, debe ir acompa\u00f1ado con persistencia y perseverancia para ver los frutos.<\/p>\n\n\n\n<p class=\"wp-block-paragraph\">Aunque es un tema que se sale un poco de lo que normalmente trato en ese blog, me parece que existe una creciente cultura de los farmac\u00e9uticos, de vivir en la queja, alej\u00e1ndonos de la acci\u00f3n.  Por tal raz\u00f3n, les invito a tomar este proceso que llamamos vida, en un camino propositivo, alentando al cambio y la mejora integral, como personas y como profesionales. <\/p>\n\n\n\n<p class=\"wp-block-paragraph\"> <\/p>\n","protected":false},"excerpt":{"rendered":"<p>Pienso luego existo. Ren\u00e9 Descartes Los farmac\u00e9uticos que salen d\u00eda a d\u00eda a realizar sus labores ordinarias, muchas veces ya est\u00e1n trabajando antes de empezar a trabajar; adem\u00e1s, cargan muchas de sus propias cruces. Es por esto que a mi parecer, para intentar ayudar al pr\u00f3jimo, primero debemos trabajar en nuestros pensamientos, de tal manera [&hellip;]<\/p>\n","protected":false},"author":1,"featured_media":970,"comment_status":"open","ping_status":"open","sticky":false,"template":"","format":"standard","meta":{"_bbp_topic_count":0,"_bbp_reply_count":0,"_bbp_total_topic_count":0,"_bbp_total_reply_count":0,"_bbp_voice_count":0,"_bbp_anonymous_reply_count":0,"_bbp_topic_count_hidden":0,"_bbp_reply_count_hidden":0,"_bbp_forum_subforum_count":0,"_crdt_document":"","footnotes":""},"categories":[45],"tags":[49,56],"class_list":["post-966","post","type-post","status-publish","format-standard","has-post-thumbnail","hentry","category-atencion-farmaceutica","tag-farmaceutico-hibrido","tag-pensamiento-critico"],"_links":{"self":[{"href":"https:\/\/juandiego.net\/dux\/wp-json\/wp\/v2\/posts\/966","targetHints":{"allow":["GET"]}}],"collection":[{"href":"https:\/\/juandiego.net\/dux\/wp-json\/wp\/v2\/posts"}],"about":[{"href":"https:\/\/juandiego.net\/dux\/wp-json\/wp\/v2\/types\/post"}],"author":[{"embeddable":true,"href":"https:\/\/juandiego.net\/dux\/wp-json\/wp\/v2\/users\/1"}],"replies":[{"embeddable":true,"href":"https:\/\/juandiego.net\/dux\/wp-json\/wp\/v2\/comments?post=966"}],"version-history":[{"count":8,"href":"https:\/\/juandiego.net\/dux\/wp-json\/wp\/v2\/posts\/966\/revisions"}],"predecessor-version":[{"id":977,"href":"https:\/\/juandiego.net\/dux\/wp-json\/wp\/v2\/posts\/966\/revisions\/977"}],"wp:featuredmedia":[{"embeddable":true,"href":"https:\/\/juandiego.net\/dux\/wp-json\/wp\/v2\/media\/970"}],"wp:attachment":[{"href":"https:\/\/juandiego.net\/dux\/wp-json\/wp\/v2\/media?parent=966"}],"wp:term":[{"taxonomy":"category","embeddable":true,"href":"https:\/\/juandiego.net\/dux\/wp-json\/wp\/v2\/categories?post=966"},{"taxonomy":"post_tag","embeddable":true,"href":"https:\/\/juandiego.net\/dux\/wp-json\/wp\/v2\/tags?post=966"}],"curies":[{"name":"wp","href":"https:\/\/api.w.org\/{rel}","templated":true}]}}