{"id":727,"date":"2023-01-11T12:06:24","date_gmt":"2023-01-11T18:06:24","guid":{"rendered":"https:\/\/juandiego.net\/dux\/?p=727"},"modified":"2023-08-07T11:37:25","modified_gmt":"2023-08-07T17:37:25","slug":"alguna-vez-a-pensado-como-vive-el-paciente-la-toma-de-sus-medicamentos","status":"publish","type":"post","link":"https:\/\/juandiego.net\/dux\/alguna-vez-a-pensado-como-vive-el-paciente-la-toma-de-sus-medicamentos\/","title":{"rendered":"Alguna vez ha pensado, \u00bfC\u00f3mo vive el paciente la toma de sus medicamentos?"},"content":{"rendered":"\n<p class=\"wp-block-paragraph\">Un concepto fundamental que debe entender todo farmac\u00e9utico que se dedica a la atenci\u00f3n centrada en el paciente es el de la <strong>experiencia medicamentosa<\/strong>, esta se define como:<\/p>\n\n\n\n<blockquote class=\"wp-block-quote is-layout-flow wp-block-quote-is-layout-flow\">\n<p class=\"wp-block-paragraph\">la experiencia subjetiva que pasa el paciente al tener que utilizar sus medicamentos.<\/p>\n<\/blockquote>\n\n\n\n<p class=\"wp-block-paragraph\">La experiencia medicamentosa (EM) es un concepto que est\u00e1 aferrado en el coraz\u00f3n de la atenci\u00f3n farmac\u00e9utica y es la que le da contexto a las actividades que realiza el farmac\u00e9utico para identificar y resolver problemas relacionados con medicamentos y brindar consejo al paciente. La EM es la perspectiva del paciente sobre sus medicamentos, que va a definir su actitud y comportamiento cuando deba utilizar medicamentos.<\/p>\n\n\n\n<p class=\"wp-block-paragraph\">Existen atributos de EM que nos pueden ayudar a entender la perspectiva del paciente ante la indicaci\u00f3n de alg\u00fan medicamento.<\/p>\n\n\n\n<p class=\"wp-block-paragraph\">El primer atributo que analizaremos ser\u00e1 la <strong>ambivalencia<\/strong>.<\/p>\n\n\n\n<p class=\"wp-block-paragraph\">La ambivalencia es un estado en el cual el paciente tiene actitudes o sentimientos que son simult\u00e1neamente contradictorias con la utilizaci\u00f3n de sus medicamentos.<\/p>\n\n\n<div class=\"wp-block-image\">\n<figure class=\"aligncenter\"><img loading=\"lazy\" decoding=\"async\" width=\"200\" height=\"300\" src=\"https:\/\/juandiego.net\/dux\/wp-content\/uploads\/2023\/01\/pexels-tima-miroshnichenko-8727509-200x300.jpg\" alt=\"\" class=\"wp-image-733\" srcset=\"https:\/\/juandiego.net\/dux\/wp-content\/uploads\/2023\/01\/pexels-tima-miroshnichenko-8727509-200x300.jpg 200w, https:\/\/juandiego.net\/dux\/wp-content\/uploads\/2023\/01\/pexels-tima-miroshnichenko-8727509-683x1024.jpg 683w, https:\/\/juandiego.net\/dux\/wp-content\/uploads\/2023\/01\/pexels-tima-miroshnichenko-8727509-768x1152.jpg 768w, https:\/\/juandiego.net\/dux\/wp-content\/uploads\/2023\/01\/pexels-tima-miroshnichenko-8727509-1024x1536.jpg 1024w, https:\/\/juandiego.net\/dux\/wp-content\/uploads\/2023\/01\/pexels-tima-miroshnichenko-8727509.jpg 1280w\" sizes=\"auto, (max-width: 200px) 100vw, 200px\" \/><\/figure>\n<\/div>\n\n\n<p class=\"wp-block-paragraph\">\u00bfQu\u00e9 diablos es eso?, por ejemplo: paciente que toma antirretrovirales no quiere tom\u00e1rselos debido al miedo de padecer los efectos secundarios; esto a pesar de saber los beneficios que los antirretrovirales proveen a los pacientes VIH positivos.<\/p>\n\n\n\n<p class=\"wp-block-paragraph\">Dada la ambivalencia de algunos pacientes para tomar medicamentos, estos pueden dejar de tomar medicamentos muy importantes para su salud.<\/p>\n\n\n\n<p class=\"wp-block-paragraph\">El segundo atributo es la <strong>vulnerabilidad<\/strong>, este hace referencia al sentimiento de vulnerabilidad a que se expone el paciente al tener que utilizar alg\u00fan medicamento, esto muchas veces asociado a la percepci\u00f3n de los efectos actuales o potenciales que los medicamentos pudieran tener sobre su organismo.<\/p>\n\n\n\n<p class=\"wp-block-paragraph\">Este atributo se vuelve de suma importancia en aquellos pacientes que deben tomar su medicamento por mucho tiempo, lo que les produce en muchas ocasiones sentimientos encontrados sobre las posibles consecuencias de utilizar medicamentos a largo plazo.<\/p>\n\n\n\n<p class=\"wp-block-paragraph\">En este sentido, el paciente busca fuentes de informaci\u00f3n confiables que alienten o desalientes el uso de los medicamentos prescritos con tal de establecer su EM, muchas de estas fuentes pueden ser parientes o amigos que pudieran no ser una fuente que brinde la informaci\u00f3n necesaria para que el paciente tome la mejor decisi\u00f3n con respecto a su medicaci\u00f3n; sin embargo, al proceder de parientes o amigos en los cuales el paciente conf\u00eda, se pone en riesgo la adherencia al tratamiento.<\/p>\n\n\n<div class=\"wp-block-image\">\n<figure class=\"aligncenter\"><img loading=\"lazy\" decoding=\"async\" width=\"300\" height=\"200\" src=\"https:\/\/juandiego.net\/dux\/wp-content\/uploads\/2023\/01\/pexels-cytonn-photography-955395-300x200.jpg\" alt=\"\" class=\"wp-image-731\" srcset=\"https:\/\/juandiego.net\/dux\/wp-content\/uploads\/2023\/01\/pexels-cytonn-photography-955395-300x200.jpg 300w, https:\/\/juandiego.net\/dux\/wp-content\/uploads\/2023\/01\/pexels-cytonn-photography-955395-1024x684.jpg 1024w, https:\/\/juandiego.net\/dux\/wp-content\/uploads\/2023\/01\/pexels-cytonn-photography-955395-768x513.jpg 768w, https:\/\/juandiego.net\/dux\/wp-content\/uploads\/2023\/01\/pexels-cytonn-photography-955395-1536x1025.jpg 1536w, https:\/\/juandiego.net\/dux\/wp-content\/uploads\/2023\/01\/pexels-cytonn-photography-955395-2048x1367.jpg 2048w\" sizes=\"auto, (max-width: 300px) 100vw, 300px\" \/><\/figure>\n<\/div>\n\n\n<p class=\"wp-block-paragraph\">La clave de este atributo para el farmac\u00e9utico es construir una relaci\u00f3n de confianza y empat\u00eda que le permita al paciente tener la suficiente confianza para tomar la mejor decisi\u00f3n informada sobre sus medicamentos.<\/p>\n\n\n\n<p class=\"wp-block-paragraph\">El tercer atributo hace referencia a la EM como un <strong>constructo social<\/strong>. Esto implica que la EM no tiene una representaci\u00f3n biol\u00f3gico o natural, sino que se moldea por ideas sociales y culturales que son compartidas y aceptadas y que se definen en la realidad que se desenvuelve el paciente.<\/p>\n\n\n\n<p class=\"wp-block-paragraph\">Para aclarar un poco este atributo voy con un ejemplo: paciente se niega a tomar la metformina porque todos en su comunidad \u00absaben\u00bb que el uso de la metformina en el paciente diab\u00e9tico produce ceguera con el paso del tiempo.<\/p>\n\n\n\n<p class=\"wp-block-paragraph\">Desde la perspectiva del paciente, los medicamentos representan un aspecto visible de su condici\u00f3n de salud; adem\u00e1s, simbolizan un recordatorio de su enfermedad.<\/p>\n\n\n\n<p class=\"wp-block-paragraph\">Otro ejemplo ser\u00eda la percepci\u00f3n de seguridad que tienen los suplementos naturales; mientras que los medicamentos que no son naturales y que est\u00e1n constituidos por qu\u00edmicos, causan efectos secundarios, otorg\u00e1ndoles una percepci\u00f3n de seguridad m\u00e1s baja.<\/p>\n\n\n\n<p class=\"wp-block-paragraph\">A pesar de la perspectiva que tengamos como farmac\u00e9uticos y aunque nos respaldemos con toda la evidencia cient\u00edfica necesaria; el paciente puede mantener sus creencias como \u00ablegitimas\u00bb, de acuerdo a su experiencia personal y perspectiva.<\/p>\n\n\n<div class=\"wp-block-image\">\n<figure class=\"aligncenter\"><img loading=\"lazy\" decoding=\"async\" width=\"300\" height=\"200\" src=\"https:\/\/juandiego.net\/dux\/wp-content\/uploads\/2023\/01\/pexels-elevate-1267697-300x200.jpg\" alt=\"\" class=\"wp-image-735\" srcset=\"https:\/\/juandiego.net\/dux\/wp-content\/uploads\/2023\/01\/pexels-elevate-1267697-300x200.jpg 300w, https:\/\/juandiego.net\/dux\/wp-content\/uploads\/2023\/01\/pexels-elevate-1267697-1024x683.jpg 1024w, https:\/\/juandiego.net\/dux\/wp-content\/uploads\/2023\/01\/pexels-elevate-1267697-768x512.jpg 768w, https:\/\/juandiego.net\/dux\/wp-content\/uploads\/2023\/01\/pexels-elevate-1267697.jpg 1279w\" sizes=\"auto, (max-width: 300px) 100vw, 300px\" \/><\/figure>\n<\/div>\n\n\n<p class=\"wp-block-paragraph\">El cuarto atributo es el <strong>pragm\u00e1tico<\/strong>, lo que significa que el paciente va a utilizar el medicamento de acuerdo a su criterio de sensatez y practicidad, mas all\u00e1 de cualquier consideraci\u00f3n te\u00f3rica. Es por esto que el paciente prioriza sentirse bien desde su perspectiva, siendo la familia y amigos una fuente de informaci\u00f3n m\u00e1s pragm\u00e1tica que los profesionales en salud que no son accesibles de manera sencilla y que probablemente su lenguaje no sea f\u00e1cil de entender. La evaluaci\u00f3n que realiza el paciente de la efectividad, diagn\u00f3sticos, s\u00edntomas y efectos secundarios es basada en su experiencia pr\u00e1ctica como no sentirse enfermo, poder realizar sus actividades diarias o resolver cualquier problema f\u00edsico.<\/p>\n\n\n\n<p class=\"wp-block-paragraph\">El quinto atributo es el <strong>contextual<\/strong>, que representa todas aquellas circunstancias, eventos, ideas o t\u00e9rminos que el paciente pasa en el proceso de utilizar un medicamento, debido a esto, la EM depende de un contexto espec\u00edfico asociado a variables como: atenci\u00f3n m\u00e9dica, situaci\u00f3n de salud, uso espec\u00edfico de medicamentos en el pasado, circunstancias diarias y sociales, creencias personales, actitudes y, por \u00faltimo; y no menos importante su deseo de involucrarse en su situaci\u00f3n de salud.<\/p>\n\n\n\n<p class=\"wp-block-paragraph\">Para finalizar, la EM se debe entender como un proceso activo y continuo, ya que esta implica una serie de acciones a trav\u00e9s del tiempo que requieren esfuerzo. La EM es un proceso de resistencia y aceptaci\u00f3n de la necesidad del paciente por sus medicamentos. En la EM siempre hay un antes y un despu\u00e9s, y como consecuencia de esto, se da una reconceptualizaci\u00f3n del paciente ante su nueva realidad, mientras aprender a vivir con sus medicamentos.<\/p>\n\n\n\n<p class=\"wp-block-paragraph\">Art\u00edculo consultado<\/p>\n\n\n\n<p class=\"wp-block-paragraph\">Hillman, L.A.;Peden-McAlpine, C.;Ramalho-de-Oliveira, D.; Schommer,J.C. The Medication Experience: A Concept Analysis. Pharmacy2021,9, 7.https:\/\/doi.org\/10.3390\/pharmacy9010007<\/p>\n","protected":false},"excerpt":{"rendered":"<p>Un concepto fundamental que debe entender todo farmac\u00e9utico que se dedica a la atenci\u00f3n centrada en el paciente es el de la experiencia medicamentosa, esta se define como: la experiencia subjetiva que pasa el paciente al tener que utilizar sus medicamentos. La experiencia medicamentosa (EM) es un concepto que est\u00e1 aferrado en el coraz\u00f3n de [&hellip;]<\/p>\n","protected":false},"author":1,"featured_media":730,"comment_status":"open","ping_status":"open","sticky":false,"template":"","format":"standard","meta":{"_bbp_topic_count":0,"_bbp_reply_count":0,"_bbp_total_topic_count":0,"_bbp_total_reply_count":0,"_bbp_voice_count":0,"_bbp_anonymous_reply_count":0,"_bbp_topic_count_hidden":0,"_bbp_reply_count_hidden":0,"_bbp_forum_subforum_count":0,"_crdt_document":"","footnotes":""},"categories":[45],"tags":[46],"class_list":["post-727","post","type-post","status-publish","format-standard","has-post-thumbnail","hentry","category-atencion-farmaceutica","tag-experiencia-medicamentosa"],"_links":{"self":[{"href":"https:\/\/juandiego.net\/dux\/wp-json\/wp\/v2\/posts\/727","targetHints":{"allow":["GET"]}}],"collection":[{"href":"https:\/\/juandiego.net\/dux\/wp-json\/wp\/v2\/posts"}],"about":[{"href":"https:\/\/juandiego.net\/dux\/wp-json\/wp\/v2\/types\/post"}],"author":[{"embeddable":true,"href":"https:\/\/juandiego.net\/dux\/wp-json\/wp\/v2\/users\/1"}],"replies":[{"embeddable":true,"href":"https:\/\/juandiego.net\/dux\/wp-json\/wp\/v2\/comments?post=727"}],"version-history":[{"count":9,"href":"https:\/\/juandiego.net\/dux\/wp-json\/wp\/v2\/posts\/727\/revisions"}],"predecessor-version":[{"id":914,"href":"https:\/\/juandiego.net\/dux\/wp-json\/wp\/v2\/posts\/727\/revisions\/914"}],"wp:featuredmedia":[{"embeddable":true,"href":"https:\/\/juandiego.net\/dux\/wp-json\/wp\/v2\/media\/730"}],"wp:attachment":[{"href":"https:\/\/juandiego.net\/dux\/wp-json\/wp\/v2\/media?parent=727"}],"wp:term":[{"taxonomy":"category","embeddable":true,"href":"https:\/\/juandiego.net\/dux\/wp-json\/wp\/v2\/categories?post=727"},{"taxonomy":"post_tag","embeddable":true,"href":"https:\/\/juandiego.net\/dux\/wp-json\/wp\/v2\/tags?post=727"}],"curies":[{"name":"wp","href":"https:\/\/api.w.org\/{rel}","templated":true}]}}