{"id":1310,"date":"2025-05-05T08:01:31","date_gmt":"2025-05-05T14:01:31","guid":{"rendered":"https:\/\/juandiego.net\/dux\/?p=1310"},"modified":"2025-03-24T08:06:53","modified_gmt":"2025-03-24T14:06:53","slug":"calidad-y-duracion-del-sueno-en-relacion-con-la-fragilidad-en-adultos-mayores","status":"publish","type":"post","link":"https:\/\/juandiego.net\/dux\/calidad-y-duracion-del-sueno-en-relacion-con-la-fragilidad-en-adultos-mayores\/","title":{"rendered":"Calidad y duraci\u00f3n del sue\u00f1o en relaci\u00f3n con la fragilidad en adultos mayores"},"content":{"rendered":"\n<hr class=\"wp-block-separator has-alpha-channel-opacity\"\/>\n\n\n\n<p class=\"wp-block-paragraph\">\u00a1Hola a todos! Hoy quiero hablarles de un tema que afecta a muchos adultos mayores y que, como profesionales de la salud, no podemos ignorar: <strong>la relaci\u00f3n entre el sue\u00f1o y la fragilidad<\/strong>. Recientemente, le\u00ed una revisi\u00f3n sistem\u00e1tica publicada en <em>Frontiers in Public Health<\/em> que arroja luz sobre este v\u00ednculo, y quiero compartirles los hallazgos m\u00e1s relevantes.<\/p>\n\n\n\n<h3 class=\"wp-block-heading\"><strong>\u00bfQu\u00e9 se investig\u00f3?<\/strong><\/h3>\n\n\n\n<p class=\"wp-block-paragraph\">El estudio analiz\u00f3 17 investigaciones (la mayor\u00eda realizadas en China, M\u00e9xico y EE.UU.) para entender c\u00f3mo los problemas de sue\u00f1o, como el insomnio, la mala calidad del sue\u00f1o o dormir pocas\/muchas horas, se relacionan con la <strong>fragilidad<\/strong> en adultos mayores no institucionalizados. La fragilidad, en t\u00e9rminos simples, es un estado de vulnerabilidad que aumenta el riesgo de ca\u00eddas, hospitalizaciones y otras complicaciones en la tercera edad.<\/p>\n\n\n\n<hr class=\"wp-block-separator has-alpha-channel-opacity\"\/>\n\n\n\n<h3 class=\"wp-block-heading\"><strong>Hallazgos clave<\/strong><\/h3>\n\n\n\n<ol class=\"wp-block-list\">\n<li><strong>Insomnio y mala calidad del sue\u00f1o<\/strong>:<\/li>\n<\/ol>\n\n\n\n<ul class=\"wp-block-list\">\n<li>El insomnio (especialmente la dificultad para conciliar el sue\u00f1o) y la mala calidad del sue\u00f1o se asociaron con un mayor riesgo de fragilidad.<\/li>\n\n\n\n<li>Por ejemplo, en un estudio mexicano, las mujeres con insomnio ten\u00edan <strong>2.38 veces m\u00e1s probabilidades<\/strong> de ser fr\u00e1giles.<\/li>\n<\/ul>\n\n\n\n<ol class=\"wp-block-list\">\n<li><strong>Duraci\u00f3n del sue\u00f1o<\/strong>:<\/li>\n<\/ol>\n\n\n\n<ul class=\"wp-block-list\">\n<li>Dormir <strong>menos de 5 horas<\/strong> o <strong>m\u00e1s de 9 horas<\/strong> tambi\u00e9n se vincul\u00f3 con fragilidad. En China, quienes dorm\u00edan \u22659 horas ten\u00edan un riesgo <strong>2.35 veces mayor<\/strong> de fragilidad.<\/li>\n<\/ul>\n\n\n\n<ol class=\"wp-block-list\">\n<li><strong>Diferencias por sexo<\/strong>:<\/li>\n<\/ol>\n\n\n\n<ul class=\"wp-block-list\">\n<li>Las mujeres mostraron mayor vulnerabilidad. Por ejemplo, los trastornos respiratorios durante el sue\u00f1o (como la apnea) aumentaron el riesgo de fragilidad en ellas, pero no en hombres.<\/li>\n<\/ul>\n\n\n\n<ol class=\"wp-block-list\">\n<li><strong>Herramientas de evaluaci\u00f3n<\/strong>:<\/li>\n<\/ol>\n\n\n\n<ul class=\"wp-block-list\">\n<li>La mayor\u00eda de los estudios usaron cuestionarios como el <strong>\u00cdndice de Calidad del Sue\u00f1o de Pittsburgh<\/strong> (subjetivo) y el <strong>fenotipo de Fried<\/strong> (para medir fragilidad f\u00edsica). Pocos emplearon m\u00e9todos objetivos, como la actigraf\u00eda.<\/li>\n<\/ul>\n\n\n\n<hr class=\"wp-block-separator has-alpha-channel-opacity\"\/>\n\n\n\n<h3 class=\"wp-block-heading\"><strong>\u00bfPor qu\u00e9 importa esto?<\/strong><\/h3>\n\n\n\n<p class=\"wp-block-paragraph\">La fragilidad no es inevitable con la edad, y la <strong>prevenci\u00f3n<\/strong> es clave. El sue\u00f1o juega un papel crucial en procesos como la reparaci\u00f3n muscular, la regulaci\u00f3n hormonal (ej.: cortisol, testosterona) y la inflamaci\u00f3n. Alteraciones en estos mecanismos podr\u00edan acelerar la p\u00e9rdida de masa muscular y la debilidad, caracter\u00edsticas de la fragilidad.<\/p>\n\n\n\n<p class=\"wp-block-paragraph\">Adem\u00e1s, muchos adultos mayores no reportan problemas de sue\u00f1o a sus m\u00e9dicos, lo que retrasa intervenciones. Como farmac\u00e9uticos, podemos:<\/p>\n\n\n\n<ul class=\"wp-block-list\">\n<li><strong>Educar<\/strong> sobre higiene del sue\u00f1o (ej.: evitar cafe\u00edna nocturna, mantener horarios regulares).<\/li>\n\n\n\n<li><strong>Detectar<\/strong> se\u00f1ales de alerta (ej.: somnolencia diurna, uso excesivo de somn\u00edferos).<\/li>\n\n\n\n<li><strong>Derivar<\/strong> a especialistas cuando sea necesario (ej.: para estudios del sue\u00f1o).<\/li>\n<\/ul>\n\n\n\n<hr class=\"wp-block-separator has-alpha-channel-opacity\"\/>\n\n\n\n<h3 class=\"wp-block-heading\"><strong>Limitaciones y futuras investigaciones<\/strong><\/h3>\n\n\n\n<ul class=\"wp-block-list\">\n<li>La mayor\u00eda de los estudios son <strong>transversales<\/strong>, lo que impide establecer causalidad. \u00bfEl mal sue\u00f1o causa fragilidad o viceversa?<\/li>\n\n\n\n<li>Hay heterogeneidad en las herramientas usadas, lo que dificulta comparar resultados.<\/li>\n\n\n\n<li>Se necesitan m\u00e1s estudios longitudinales y con m\u00e9todos objetivos (ej.: dispositivos de monitoreo).<\/li>\n<\/ul>\n\n\n\n<hr class=\"wp-block-separator has-alpha-channel-opacity\"\/>\n\n\n\n<h3 class=\"wp-block-heading\"><strong>Conclusi\u00f3n<\/strong><\/h3>\n\n\n\n<p class=\"wp-block-paragraph\">Cuidar el sue\u00f1o es cuidar la salud integral, especialmente en la tercera edad. Este art\u00edculo refuerza la idea de que <strong>mejorar la calidad del sue\u00f1o podr\u00eda ser una estrategia para retrasar o prevenir la fragilidad<\/strong>. Como profesionales, debemos integrar estas evidencias en nuestra pr\u00e1ctica diaria, promoviendo h\u00e1bitos saludables y colaborando con otros especialistas.<\/p>\n\n\n\n<p class=\"wp-block-paragraph\">\u00a1Hasta la pr\u00f3xima! Y recuerden: \u00a1Un buen sue\u00f1o hoy es sin\u00f3nimo de una vejez m\u00e1s fuerte! \ud83d\ude34\ud83d\udcaa<\/p>\n\n\n\n<hr class=\"wp-block-separator has-alpha-channel-opacity\"\/>\n\n\n\n<p class=\"wp-block-paragraph\"><em>Basado en: Souza et al. (2025). Sleep quality and duration and frailty in older adults: a systematic review. Frontiers in Public Health.<\/em><\/p>\n","protected":false},"excerpt":{"rendered":"<p>\u00a1Hola a todos! Hoy quiero hablarles de un tema que afecta a muchos adultos mayores y que, como profesionales de la salud, no podemos ignorar: la relaci\u00f3n entre el sue\u00f1o y la fragilidad. Recientemente, le\u00ed una revisi\u00f3n sistem\u00e1tica publicada en Frontiers in Public Health que arroja luz sobre este v\u00ednculo, y quiero compartirles los hallazgos [&hellip;]<\/p>\n","protected":false},"author":1,"featured_media":1311,"comment_status":"open","ping_status":"open","sticky":false,"template":"","format":"standard","meta":{"_bbp_topic_count":0,"_bbp_reply_count":0,"_bbp_total_topic_count":0,"_bbp_total_reply_count":0,"_bbp_voice_count":0,"_bbp_anonymous_reply_count":0,"_bbp_topic_count_hidden":0,"_bbp_reply_count_hidden":0,"_bbp_forum_subforum_count":0,"_crdt_document":"","footnotes":""},"categories":[45],"tags":[83,96,95],"class_list":["post-1310","post","type-post","status-publish","format-standard","has-post-thumbnail","hentry","category-atencion-farmaceutica","tag-adulto-mayor","tag-fragilidad","tag-sueno"],"_links":{"self":[{"href":"https:\/\/juandiego.net\/dux\/wp-json\/wp\/v2\/posts\/1310","targetHints":{"allow":["GET"]}}],"collection":[{"href":"https:\/\/juandiego.net\/dux\/wp-json\/wp\/v2\/posts"}],"about":[{"href":"https:\/\/juandiego.net\/dux\/wp-json\/wp\/v2\/types\/post"}],"author":[{"embeddable":true,"href":"https:\/\/juandiego.net\/dux\/wp-json\/wp\/v2\/users\/1"}],"replies":[{"embeddable":true,"href":"https:\/\/juandiego.net\/dux\/wp-json\/wp\/v2\/comments?post=1310"}],"version-history":[{"count":1,"href":"https:\/\/juandiego.net\/dux\/wp-json\/wp\/v2\/posts\/1310\/revisions"}],"predecessor-version":[{"id":1312,"href":"https:\/\/juandiego.net\/dux\/wp-json\/wp\/v2\/posts\/1310\/revisions\/1312"}],"wp:featuredmedia":[{"embeddable":true,"href":"https:\/\/juandiego.net\/dux\/wp-json\/wp\/v2\/media\/1311"}],"wp:attachment":[{"href":"https:\/\/juandiego.net\/dux\/wp-json\/wp\/v2\/media?parent=1310"}],"wp:term":[{"taxonomy":"category","embeddable":true,"href":"https:\/\/juandiego.net\/dux\/wp-json\/wp\/v2\/categories?post=1310"},{"taxonomy":"post_tag","embeddable":true,"href":"https:\/\/juandiego.net\/dux\/wp-json\/wp\/v2\/tags?post=1310"}],"curies":[{"name":"wp","href":"https:\/\/api.w.org\/{rel}","templated":true}]}}