{"id":1281,"date":"2025-03-24T07:37:15","date_gmt":"2025-03-24T13:37:15","guid":{"rendered":"https:\/\/juandiego.net\/dux\/?p=1281"},"modified":"2025-03-24T07:41:17","modified_gmt":"2025-03-24T13:41:17","slug":"%f0%9f%93%a2-azitromicina-y-remision-del-asma-un-nuevo-horizonte-terapeutico","status":"publish","type":"post","link":"https:\/\/juandiego.net\/dux\/%f0%9f%93%a2-azitromicina-y-remision-del-asma-un-nuevo-horizonte-terapeutico\/","title":{"rendered":"\ud83d\udce2 Azitromicina y remisi\u00f3n del asma: \u00bfUn nuevo horizonte terap\u00e9utico?"},"content":{"rendered":"\n<p class=\"wp-block-paragraph\">\u00a1Hola \ud83d\udc4b!  Hoy analizamos un estudio revolucionario publicado en <em>CHEST<\/em> que eval\u00faa si la azitromicina, un macr\u00f3lido bien conocido, puede inducir la <strong>remisi\u00f3n cl\u00ednica en asma persistente no controlada<\/strong>. Les resumo lo esencial para aplicar en la pr\u00e1ctica.<\/p>\n\n\n\n<hr class=\"wp-block-separator has-alpha-channel-opacity\"\/>\n\n\n\n<h3 class=\"wp-block-heading\"><strong>\ud83d\udd0d \u00bfQu\u00e9 pregunta el estudio?<\/strong><\/h3>\n\n\n\n<p class=\"wp-block-paragraph\"><strong>Objetivo<\/strong>: Determinar si la azitromicina a\u00f1adida al tratamiento est\u00e1ndar induce remisi\u00f3n en adultos con asma persistente no controlada, comparado con placebo.<br><strong>Dise\u00f1o<\/strong>: An\u00e1lisis secundario del ensayo <em>AMAZES<\/em> (aleatorizado, doble ciego, controlado con placebo).<br><strong>Pacientes<\/strong>: 335 adultos (mediana de edad: 61 a\u00f1os) con asma sintom\u00e1tica a pesar de corticosteroides inhalados + broncodilatadores.<\/p>\n\n\n\n<hr class=\"wp-block-separator has-alpha-channel-opacity\"\/>\n\n\n\n<h3 class=\"wp-block-heading\"><strong>\ud83d\udcca Resultados clave<\/strong><\/h3>\n\n\n\n<ol class=\"wp-block-list\">\n<li><strong>Remisi\u00f3n cl\u00ednica (principal)<\/strong>:<\/li>\n<\/ol>\n\n\n\n<ul class=\"wp-block-list\">\n<li><strong>50.6% con azitromicina<\/strong> vs. 38.9% con placebo (<em>p = 0.032<\/em>).<\/li>\n\n\n\n<li>Definici\u00f3n: <strong>Cero exacerbaciones<\/strong>, <strong>cero uso de corticosteroides orales (OCS)<\/strong> en \u00faltimos 6 meses, y <strong>ACQ-5 \u2264 1<\/strong> (control sintom\u00e1tico).<\/li>\n<\/ul>\n\n\n\n<ol class=\"wp-block-list\">\n<li><strong>Criterios secundarios<\/strong>:<\/li>\n<\/ol>\n\n\n\n<ul class=\"wp-block-list\">\n<li><strong>Remisi\u00f3n cl\u00ednica + funci\u00f3n pulmonar estable<\/strong>: 50.8% vs. 37.1% (<em>p = 0.029<\/em>).<\/li>\n\n\n\n<li><strong>Remisi\u00f3n completa<\/strong> (incluyendo eosin\u00f3filos en esputo &lt; 3%): 23% vs. 13.7% (<em>p = 0.058<\/em>).<\/li>\n<\/ul>\n\n\n\n<ol class=\"wp-block-list\">\n<li><strong>Subgrupos<\/strong>:<\/li>\n<\/ol>\n\n\n\n<ul class=\"wp-block-list\">\n<li>Eficacia en <strong>asma eosinof\u00edlica y no eosinof\u00edlica<\/strong> (ej. neutrof\u00edlica: 42% remisi\u00f3n con azitromicina).<\/li>\n<\/ul>\n\n\n\n<ol class=\"wp-block-list\">\n<li><strong>NNT (N\u00famero necesario a tratar)<\/strong>: Solo <strong>9 pacientes<\/strong> requieren azitromicina para lograr 1 remisi\u00f3n adicional vs. placebo.<\/li>\n<\/ol>\n\n\n\n<hr class=\"wp-block-separator has-alpha-channel-opacity\"\/>\n\n\n\n<h3 class=\"wp-block-heading\"><strong>\u26a0\ufe0f Consideraciones pr\u00e1cticas<\/strong><\/h3>\n\n\n\n<ol class=\"wp-block-list\">\n<li><strong>Perfil de seguridad<\/strong>:<\/li>\n<\/ol>\n\n\n\n<ul class=\"wp-block-list\">\n<li><strong>Efectos adversos comunes<\/strong>: GI (n\u00e1useas, diarrea), riesgo de resistencia bacteriana y prolongaci\u00f3n QT (monitorizar en pacientes card\u00edacos).<\/li>\n\n\n\n<li><strong>Retiros por efectos adversos<\/strong>: 15% en grupo de azitromicina vs. 10% en placebo.<\/li>\n<\/ul>\n\n\n\n<ol class=\"wp-block-list\">\n<li><strong>Poblaci\u00f3n objetivo<\/strong>:<\/li>\n<\/ol>\n\n\n\n<ul class=\"wp-block-list\">\n<li><strong>Asma moderada\/grave no controlada<\/strong>, especialmente en <strong>asma no eosinof\u00edlica<\/strong> (donde biol\u00f3gicos no son efectivos).<\/li>\n\n\n\n<li><strong>Predictores de remisi\u00f3n<\/strong>: Mejor calidad de vida basal (<em>AQLQ<\/em>) y ausencia de exacerbaciones recientes.<\/li>\n<\/ul>\n\n\n\n<ol class=\"wp-block-list\">\n<li><strong>Dosis y duraci\u00f3n<\/strong>:<\/li>\n<\/ol>\n\n\n\n<ul class=\"wp-block-list\">\n<li><strong>Azitromicina 500 mg 3 veces\/semana durante 48 semanas<\/strong>.<\/li>\n\n\n\n<li><strong>No es para uso agudo<\/strong>: Efecto se observa a mediano-largo plazo.<\/li>\n<\/ul>\n\n\n\n<hr class=\"wp-block-separator has-alpha-channel-opacity\"\/>\n\n\n\n<h3 class=\"wp-block-heading\"><strong>\ud83d\udd0e Limitaciones del estudio<\/strong><\/h3>\n\n\n\n<ul class=\"wp-block-list\">\n<li><strong>An\u00e1lisis post-hoc<\/strong>: Riesgo de sesgo (no dise\u00f1ado originalmente para evaluar remisi\u00f3n).<\/li>\n\n\n\n<li><strong>Definici\u00f3n de remisi\u00f3n no estandarizada<\/strong>: Aunque usaron criterios rigurosos, a\u00fan no hay consenso global.<\/li>\n\n\n\n<li><strong>Falta de seguimiento a largo plazo<\/strong>: No se sabe si la remisi\u00f3n persiste tras suspender el tratamiento.<\/li>\n<\/ul>\n\n\n\n<hr class=\"wp-block-separator has-alpha-channel-opacity\"\/>\n\n\n\n<h3 class=\"wp-block-heading\"><strong>\ud83d\udca1 Mensaje para la pr\u00e1ctica cl\u00ednica<\/strong><\/h3>\n\n\n\n<ul class=\"wp-block-list\">\n<li><strong>Azitromicina es una opci\u00f3n realista<\/strong> para inducir remisi\u00f3n en asma persistente, incluso en fenotipos dif\u00edciles (no eosinof\u00edlicos).<\/li>\n\n\n\n<li><strong>Individualizar la decisi\u00f3n<\/strong>: Evaluar riesgos (ej. resistencia bacteriana) vs. beneficios (reducci\u00f3n de exacerbaciones y OCS).<\/li>\n\n\n\n<li><strong>Monitorizar<\/strong>: Funci\u00f3n cardiaca, s\u00edntomas GI y adherencia.<\/li>\n<\/ul>\n\n\n\n<p class=\"wp-block-paragraph\"><strong>\u00bfCu\u00e1ndo considerarla?<\/strong><\/p>\n\n\n\n<ul class=\"wp-block-list\">\n<li><strong>Pacientes con exacerbaciones frecuentes<\/strong> a pesar de tratamiento \u00f3ptimo.<\/li>\n\n\n\n<li><strong>Alternativa a biol\u00f3gicos<\/strong> en asma no eosinof\u00edlica o en contextos de bajo recursos.<\/li>\n<\/ul>\n\n\n\n<hr class=\"wp-block-separator has-alpha-channel-opacity\"\/>\n\n\n\n<h3 class=\"wp-block-heading\"><strong>\ud83d\udcda Lectura recomendada<\/strong><\/h3>\n\n\n\n<p class=\"wp-block-paragraph\"><a href=\"https:\/\/journal.chestnet.org\/article\/S0012-3692(24)00284-8\/fulltext\">Enlace al art\u00edculo original<\/a> para profundizar en metodolog\u00eda y an\u00e1lisis de subgrupos.<\/p>\n\n\n\n<p class=\"wp-block-paragraph\"><strong>\u00bfHan visto azitromicina en su pr\u00e1ctica para asma grave? \u00a1Compartan sus experiencias en los comentarios!<\/strong> \ud83d\udc47<\/p>\n\n\n\n<p class=\"wp-block-paragraph\"><em>\u00a1Hasta la pr\u00f3xima!<\/em>\ud83d\udc8a<\/p>\n\n\n\n<hr class=\"wp-block-separator has-alpha-channel-opacity\"\/>\n\n\n\n<p class=\"wp-block-paragraph\"><strong>PD<\/strong>: No olviden que, aunque prometedora, la azitromicina no reemplaza a los biol\u00f3gicos en asma eosinof\u00edlica. Siempre prioricen las gu\u00edas cl\u00ednicas y el enfoque multidisciplinario. \ud83e\ude7a\u2728<\/p>\n","protected":false},"excerpt":{"rendered":"<p>\u00a1Hola \ud83d\udc4b! Hoy analizamos un estudio revolucionario publicado en CHEST que eval\u00faa si la azitromicina, un macr\u00f3lido bien conocido, puede inducir la remisi\u00f3n cl\u00ednica en asma persistente no controlada. Les resumo lo esencial para aplicar en la pr\u00e1ctica. \ud83d\udd0d \u00bfQu\u00e9 pregunta el estudio? Objetivo: Determinar si la azitromicina a\u00f1adida al tratamiento est\u00e1ndar induce remisi\u00f3n en [&hellip;]<\/p>\n","protected":false},"author":1,"featured_media":1284,"comment_status":"open","ping_status":"open","sticky":false,"template":"","format":"standard","meta":{"_bbp_topic_count":0,"_bbp_reply_count":0,"_bbp_total_topic_count":0,"_bbp_total_reply_count":0,"_bbp_voice_count":0,"_bbp_anonymous_reply_count":0,"_bbp_topic_count_hidden":0,"_bbp_reply_count_hidden":0,"_bbp_forum_subforum_count":0,"_crdt_document":"","footnotes":""},"categories":[45],"tags":[80,79,81],"class_list":["post-1281","post","type-post","status-publish","format-standard","has-post-thumbnail","hentry","category-atencion-farmaceutica","tag-asma","tag-azitromicina","tag-macrolido"],"_links":{"self":[{"href":"https:\/\/juandiego.net\/dux\/wp-json\/wp\/v2\/posts\/1281","targetHints":{"allow":["GET"]}}],"collection":[{"href":"https:\/\/juandiego.net\/dux\/wp-json\/wp\/v2\/posts"}],"about":[{"href":"https:\/\/juandiego.net\/dux\/wp-json\/wp\/v2\/types\/post"}],"author":[{"embeddable":true,"href":"https:\/\/juandiego.net\/dux\/wp-json\/wp\/v2\/users\/1"}],"replies":[{"embeddable":true,"href":"https:\/\/juandiego.net\/dux\/wp-json\/wp\/v2\/comments?post=1281"}],"version-history":[{"count":3,"href":"https:\/\/juandiego.net\/dux\/wp-json\/wp\/v2\/posts\/1281\/revisions"}],"predecessor-version":[{"id":1305,"href":"https:\/\/juandiego.net\/dux\/wp-json\/wp\/v2\/posts\/1281\/revisions\/1305"}],"wp:featuredmedia":[{"embeddable":true,"href":"https:\/\/juandiego.net\/dux\/wp-json\/wp\/v2\/media\/1284"}],"wp:attachment":[{"href":"https:\/\/juandiego.net\/dux\/wp-json\/wp\/v2\/media?parent=1281"}],"wp:term":[{"taxonomy":"category","embeddable":true,"href":"https:\/\/juandiego.net\/dux\/wp-json\/wp\/v2\/categories?post=1281"},{"taxonomy":"post_tag","embeddable":true,"href":"https:\/\/juandiego.net\/dux\/wp-json\/wp\/v2\/tags?post=1281"}],"curies":[{"name":"wp","href":"https:\/\/api.w.org\/{rel}","templated":true}]}}