{"id":1263,"date":"2025-03-15T06:55:10","date_gmt":"2025-03-15T12:55:10","guid":{"rendered":"https:\/\/juandiego.net\/dux\/?p=1263"},"modified":"2025-03-15T06:55:11","modified_gmt":"2025-03-15T12:55:11","slug":"obesogenos-y-la-pandemia-de-obesidad-un-enfoque-integrado-para-entender-lo-que-nadie-nos-cuenta","status":"publish","type":"post","link":"https:\/\/juandiego.net\/dux\/obesogenos-y-la-pandemia-de-obesidad-un-enfoque-integrado-para-entender-lo-que-nadie-nos-cuenta\/","title":{"rendered":"Obes\u00f3genos y la Pandemia de Obesidad \u2014 Un Enfoque Integrado para Entender lo que Nadie nos Cuenta"},"content":{"rendered":"\n<p class=\"wp-block-paragraph\">\u00a1Hola colegas!, hoy quiero compartirles un art\u00edculo revolucionario publicado en el <em>International Journal of Obesity<\/em>: <strong><em>\u00abObesogens: a unifying theory for the global rise in obesity\u00bb<\/em><\/strong> (Heindel et al., 2024). Este trabajo no solo desaf\u00eda las explicaciones tradicionales de la obesidad, sino que revela c\u00f3mo los qu\u00edmicos ocultos en nuestro entorno est\u00e1n reescribiendo las reglas del metabolismo. \ud83e\uddea\ud83d\udea8<\/p>\n\n\n\n<hr class=\"wp-block-separator has-alpha-channel-opacity\"\/>\n\n\n\n<h3 class=\"wp-block-heading\"><strong>El art\u00edculo en 3 claves:<\/strong><\/h3>\n\n\n\n<ol class=\"wp-block-list\">\n<li><strong>Los obes\u00f3genos:<\/strong> Sustancias qu\u00edmicas en pl\u00e1sticos, pesticidas, alimentos ultraprocesados (UPF) y hasta en el aire que respiramos, que alteran hormonas, generan estr\u00e9s oxidativo y promueven acumulaci\u00f3n de grasa.<\/li>\n\n\n\n<li><strong>Un modelo integrado:<\/strong> Combina cuatro teor\u00edas (balance energ\u00e9tico, carbohidrato-insulina, redox y obes\u00f3genos) para explicar por qu\u00e9 la obesidad sigue en aumento <em>a pesar de dietas y f\u00e1rmacos<\/em>.<\/li>\n\n\n\n<li><strong>Or\u00edgenes tempranos:<\/strong> La exposici\u00f3n a obes\u00f3genos <em>in utero<\/em> y en la infancia programa metab\u00f3licamente al cuerpo para ganar peso f\u00e1cilmente, incluso d\u00e9cadas despu\u00e9s.<\/li>\n<\/ol>\n\n\n\n<hr class=\"wp-block-separator has-alpha-channel-opacity\"\/>\n\n\n\n<h3 class=\"wp-block-heading\"><strong>\u00bfPor qu\u00e9 esto importa en la farmacia?<\/strong><\/h3>\n\n\n\n<p class=\"wp-block-paragraph\">El art\u00edculo subraya que la obesidad no es solo \u00abcomer mucho y moverse poco\u00bb. Como profesionales de primera l\u00ednea, podemos ser clave en:<\/p>\n\n\n\n<h4 class=\"wp-block-heading\"><strong>1. Educaci\u00f3n sobre qu\u00edmicos ocultos<\/strong><\/h4>\n\n\n\n<ul class=\"wp-block-list\">\n<li><strong>Pl\u00e1sticos y envases:<\/strong> Bisfenol A (BPA) en recibos o latas, ftalatos en envases, PFAS en sartenes antiadherentes. Estos qu\u00edmicos imitan hormonas (ej. estr\u00f3genos) y alteran la se\u00f1alizaci\u00f3n de insulina.<\/li>\n\n\n\n<li><strong>Aditivos en UPF:<\/strong> Emulsificantes como carboximetilcelulosa, edulcorantes no nutritivos y colorantes (ej. rojo 40) promueven inflamaci\u00f3n y disbiosis intestinal.<\/li>\n\n\n\n<li><strong>Pesticidas en alimentos:<\/strong> Residuos de clorpirif\u00f3s o atrazina en frutas\/verduras act\u00faan como disruptores endocrinos.<\/li>\n<\/ul>\n\n\n\n<p class=\"wp-block-paragraph\"><strong>Acci\u00f3n pr\u00e1ctica:<\/strong> Recomendar a pacientes:<\/p>\n\n\n\n<ul class=\"wp-block-list\">\n<li>Evitar calentar comida en pl\u00e1sticos (usar vidrio).<\/li>\n\n\n\n<li>Elegir alimentos frescos y org\u00e1nicos cuando sea posible.<\/li>\n\n\n\n<li>Reducir consumo de UPF (\u00a1el 60% de la dieta occidental son ultraprocesados!).<\/li>\n<\/ul>\n\n\n\n<h4 class=\"wp-block-heading\"><strong>2. Apoyo a terapias no farmacol\u00f3gicas con enfoque detox<\/strong><\/h4>\n\n\n\n<p class=\"wp-block-paragraph\">El art\u00edculo destaca que los obes\u00f3genos generan <strong>estr\u00e9s oxidativo<\/strong> (ROS), lo que perpet\u00faa resistencia a insulina y almacenamiento de grasa. Podemos integrar:<\/p>\n\n\n\n<ul class=\"wp-block-list\">\n<li><strong>Antioxidantes:<\/strong> Suplementos con vitamina C, E, glutati\u00f3n o coenzima Q10 en pacientes con alta exposici\u00f3n a qu\u00edmicos.<\/li>\n\n\n\n<li><strong>Dietas antiinflamatorias:<\/strong> Rica en fibra, omega-3 (salm\u00f3n, ch\u00eda) y polifenoles (bayas, t\u00e9 verde) para contrarrestar ROS.<\/li>\n\n\n\n<li><strong>Apps \u00fatiles:<\/strong> <em>EWG Healthy Living<\/em> (identifica productos libres de t\u00f3xicos) o <em>Yuka<\/em> (escanea alimentos por aditivos).<\/li>\n<\/ul>\n\n\n\n<h4 class=\"wp-block-heading\"><strong>3. Colaboraci\u00f3n multidisciplinaria<\/strong><\/h4>\n\n\n\n<p class=\"wp-block-paragraph\">Los autores enfatizan que la obesidad requiere abordaje integral:<\/p>\n\n\n\n<ul class=\"wp-block-list\">\n<li><strong>Derivar a nutricionistas<\/strong> expertos en reducci\u00f3n de exposici\u00f3n a obes\u00f3genos.<\/li>\n\n\n\n<li><strong>Trabajar con psic\u00f3logos<\/strong> para manejar ansiedad por alimentos (\u00a1los obes\u00f3genos alteran se\u00f1ales cerebrales de saciedad!).<\/li>\n\n\n\n<li><strong>Abogar por pol\u00edticas:<\/strong> Apoyar regulaciones para limitar qu\u00edmicos en alimentos y envases (ej. prohibici\u00f3n de BPA en Europa).<\/li>\n<\/ul>\n\n\n\n<hr class=\"wp-block-separator has-alpha-channel-opacity\"\/>\n\n\n\n<h3 class=\"wp-block-heading\"><strong>Desaf\u00edos y controversias<\/strong><\/h3>\n\n\n\n<ul class=\"wp-block-list\">\n<li><strong>Acceso desigual:<\/strong> Alimentos org\u00e1nicos son costosos. Alternativas: lavar frutas con bicarbonato o pelarlas.<\/li>\n\n\n\n<li><strong>Falta de regulaci\u00f3n:<\/strong> Muchos obes\u00f3genos ni siquiera est\u00e1n etiquetados. Ej.: PFAS en envases de comida r\u00e1pida.<\/li>\n\n\n\n<li><strong>Mito del \u00abesfuerzo individual\u00bb:<\/strong> El art\u00edculo muestra que incluso con dieta y ejercicio, la exposici\u00f3n a qu\u00edmicos puede sabotear resultados.<\/li>\n<\/ul>\n\n\n\n<hr class=\"wp-block-separator has-alpha-channel-opacity\"\/>\n\n\n\n<h3 class=\"wp-block-heading\"><strong>Innovaciones y oportunidades<\/strong><\/h3>\n\n\n\n<ul class=\"wp-block-list\">\n<li><strong>Biomarcadores de exposici\u00f3n:<\/strong> En un futuro, tests gen\u00e9ticos o de orina podr\u00edan identificar sensibilidad a obes\u00f3genos.<\/li>\n\n\n\n<li><strong>F\u00e1rmacos detoxificantes:<\/strong> Investigaci\u00f3n en compuestos que unan y eliminen qu\u00edmicos (ej. colestiramina para PFAS).<\/li>\n\n\n\n<li><strong>Educaci\u00f3n en farmacias:<\/strong> Talleres sobre \u00ablimpieza metab\u00f3lica\u00bb y gu\u00edas para reducir qu\u00edmicos en el hogar.<\/li>\n<\/ul>\n\n\n\n<hr class=\"wp-block-separator has-alpha-channel-opacity\"\/>\n\n\n\n<h3 class=\"wp-block-heading\"><strong>Llamado a la acci\u00f3n<\/strong><\/h3>\n\n\n\n<ol class=\"wp-block-list\">\n<li><strong>Capacitaci\u00f3n:<\/strong> Cursos en disruptores endocrinos (ej. plataformas como <em>EDC-Free Europe<\/em>).<\/li>\n\n\n\n<li><strong>Abogac\u00eda:<\/strong> Exigir etiquetado claro de qu\u00edmicos en productos de consumo.<\/li>\n\n\n\n<li><strong>Humanizar el consejo:<\/strong> Reconocer que la obesidad no es solo \u00abfalta de voluntad\u00bb, sino un laberinto bioqu\u00edmico.<\/li>\n<\/ol>\n\n\n\n<hr class=\"wp-block-separator has-alpha-channel-opacity\"\/>\n\n\n\n<p class=\"wp-block-paragraph\"><strong>Enlace al art\u00edculo original:<\/strong> <a href=\"https:\/\/doi.org\/10.1038\/s41366-024-01460-3\">Obesogens: a unifying theory for the global rise in obesity<\/a><\/p>\n\n\n\n<hr class=\"wp-block-separator has-alpha-channel-opacity\"\/>\n\n\n\n<p class=\"wp-block-paragraph\">\u00bfHan notado que algunos pacientes no responden a dietas? \u00a1Quiz\u00e1 los obes\u00f3genos son el eslab\u00f3n perdido! \ud83d\udc47<\/p>\n","protected":false},"excerpt":{"rendered":"<p>\u00a1Hola colegas!, hoy quiero compartirles un art\u00edculo revolucionario publicado en el International Journal of Obesity: \u00abObesogens: a unifying theory for the global rise in obesity\u00bb (Heindel et al., 2024). Este trabajo no solo desaf\u00eda las explicaciones tradicionales de la obesidad, sino que revela c\u00f3mo los qu\u00edmicos ocultos en nuestro entorno est\u00e1n reescribiendo las reglas del [&hellip;]<\/p>\n","protected":false},"author":1,"featured_media":1264,"comment_status":"open","ping_status":"open","sticky":false,"template":"","format":"standard","meta":{"_bbp_topic_count":0,"_bbp_reply_count":0,"_bbp_total_topic_count":0,"_bbp_total_reply_count":0,"_bbp_voice_count":0,"_bbp_anonymous_reply_count":0,"_bbp_topic_count_hidden":0,"_bbp_reply_count_hidden":0,"_bbp_forum_subforum_count":0,"_crdt_document":"","footnotes":""},"categories":[45],"tags":[74,73,71,72],"class_list":["post-1263","post","type-post","status-publish","format-standard","has-post-thumbnail","hentry","category-atencion-farmaceutica","tag-metabolismo","tag-obesidad","tag-obesogenos","tag-pandemia"],"_links":{"self":[{"href":"https:\/\/juandiego.net\/dux\/wp-json\/wp\/v2\/posts\/1263","targetHints":{"allow":["GET"]}}],"collection":[{"href":"https:\/\/juandiego.net\/dux\/wp-json\/wp\/v2\/posts"}],"about":[{"href":"https:\/\/juandiego.net\/dux\/wp-json\/wp\/v2\/types\/post"}],"author":[{"embeddable":true,"href":"https:\/\/juandiego.net\/dux\/wp-json\/wp\/v2\/users\/1"}],"replies":[{"embeddable":true,"href":"https:\/\/juandiego.net\/dux\/wp-json\/wp\/v2\/comments?post=1263"}],"version-history":[{"count":1,"href":"https:\/\/juandiego.net\/dux\/wp-json\/wp\/v2\/posts\/1263\/revisions"}],"predecessor-version":[{"id":1265,"href":"https:\/\/juandiego.net\/dux\/wp-json\/wp\/v2\/posts\/1263\/revisions\/1265"}],"wp:featuredmedia":[{"embeddable":true,"href":"https:\/\/juandiego.net\/dux\/wp-json\/wp\/v2\/media\/1264"}],"wp:attachment":[{"href":"https:\/\/juandiego.net\/dux\/wp-json\/wp\/v2\/media?parent=1263"}],"wp:term":[{"taxonomy":"category","embeddable":true,"href":"https:\/\/juandiego.net\/dux\/wp-json\/wp\/v2\/categories?post=1263"},{"taxonomy":"post_tag","embeddable":true,"href":"https:\/\/juandiego.net\/dux\/wp-json\/wp\/v2\/tags?post=1263"}],"curies":[{"name":"wp","href":"https:\/\/api.w.org\/{rel}","templated":true}]}}