{"id":1036,"date":"2023-12-21T10:36:38","date_gmt":"2023-12-21T16:36:38","guid":{"rendered":"https:\/\/juandiego.net\/dux\/?p=1036"},"modified":"2023-12-21T10:36:39","modified_gmt":"2023-12-21T16:36:39","slug":"entre-verguenza-y-atencion-farmaceutica","status":"publish","type":"post","link":"https:\/\/juandiego.net\/dux\/entre-verguenza-y-atencion-farmaceutica\/","title":{"rendered":"Entre verg\u00fcenza y Atenci\u00f3n Farmac\u00e9utica"},"content":{"rendered":"\n<p class=\"wp-block-paragraph\">Hace pocos d\u00edas le\u00eda una frase en las redes sociales que dec\u00eda m\u00e1s o menos as\u00ed:<\/p>\n\n\n\n<p class=\"wp-block-paragraph\">\u201cLa farmacia que no tenga atenci\u00f3n farmac\u00e9utica deber\u00eda darles verg\u00fcenza\u201d<\/p>\n\n\n\n<p class=\"wp-block-paragraph\">Indudablemente, son palabras duras, por tal raz\u00f3n quise investigar y mediante el an\u00e1lisis l\u00f3gico verificar si es verdad que alg\u00fan colega que no tenga atenci\u00f3n farmac\u00e9utica(atenfar) en la farmacia que se desempe\u00f1a, debe tener verg\u00fcenza.<\/p>\n\n\n\n<h1 class=\"wp-block-heading\">La farmacia que tenemos&nbsp;&nbsp;<\/h1>\n\n\n\n<figure class=\"wp-block-image size-full\"><img loading=\"lazy\" decoding=\"async\" width=\"768\" height=\"768\" src=\"https:\/\/juandiego.net\/dux\/wp-content\/uploads\/2023\/12\/DreamShaper_v7_Un_farmacutico_ayudando_a_un_paciente_en_el_mos_0.jpg\" alt=\"\" class=\"wp-image-1041\" srcset=\"https:\/\/juandiego.net\/dux\/wp-content\/uploads\/2023\/12\/DreamShaper_v7_Un_farmacutico_ayudando_a_un_paciente_en_el_mos_0.jpg 768w, https:\/\/juandiego.net\/dux\/wp-content\/uploads\/2023\/12\/DreamShaper_v7_Un_farmacutico_ayudando_a_un_paciente_en_el_mos_0-300x300.jpg 300w, https:\/\/juandiego.net\/dux\/wp-content\/uploads\/2023\/12\/DreamShaper_v7_Un_farmacutico_ayudando_a_un_paciente_en_el_mos_0-150x150.jpg 150w\" sizes=\"auto, (max-width: 768px) 100vw, 768px\" \/><\/figure>\n\n\n\n<p class=\"wp-block-paragraph\">En Latinoam\u00e9rica tenemos farmacias que funcionan con y sin farmac\u00e9utico, con farmac\u00e9utico propietario o farmac\u00e9utico como empleado y de esta manera hay muchos establecimientos farmac\u00e9uticos que trabajan de maneras muy diversas, dependiendo tambi\u00e9n del lugar en donde se encuentre y las diferencias culturales de la poblaci\u00f3n que atiende.<\/p>\n\n\n\n<p class=\"wp-block-paragraph\">Entendiendo esta diversidad de factores, as\u00ed ser\u00e1 la capacidad del farmac\u00e9utico para brindar atenfar, de la manera como dicta el libro. Sin embargo; hay que destacar que tarde o temprano se topar\u00e1 con el tal\u00f3n de Aquiles de la atenfar\u2026&nbsp;<\/p>\n\n\n\n<p class=\"wp-block-paragraph\">Su incapacidad de monetizarse y convertirse en un negocio sustentable. Ojo, estoy en latinoam\u00e9rica, para los norteamericanos, es otro cuento.<\/p>\n\n\n\n<h1 class=\"wp-block-heading\">Modelo de negocio<\/h1>\n\n\n\n<p class=\"wp-block-paragraph\">Al igual que en el pasado, en estos tiempos, el modelo de negocio de las farmacias es la venta de medicamentos, claro est\u00e1 que debemos diferenciar las farmacias p\u00fablicas institucionales que tienen un financiamiento diferente.<\/p>\n\n\n\n<p class=\"wp-block-paragraph\">Como lo mencione al principio, hay diversidad de ambientes en los que se desenvuelven los farmac\u00e9uticos. Por ejemplo: en Costa Rica muchas de las farmacias institucionales tienen una alta orientaci\u00f3n a la atenfar, evidenciando su capacidad para mejorar la calidad de vida de los pacientes, esto como consecuencia de contar con:<\/p>\n\n\n\n<ul class=\"wp-block-list\">\n<li>Personal altamente capacitado.<\/li>\n\n\n\n<li>Recursos econ\u00f3micos suficientes.<\/li>\n\n\n\n<li>Infraestructura.<\/li>\n\n\n\n<li>Disponibilidad de profesionales farmac\u00e9uticos para dedicarlos exclusivamente a atenfar.<\/li>\n<\/ul>\n\n\n\n<p class=\"wp-block-paragraph\">Por otro lado, tenemos las farmacias privadas. Las cuales pueden ser propiedad o no del farmac\u00e9utico, o pertenecer a una cadena de farmacias. Para las cuales implementar un servicio de atenfar requerir\u00e1 una gran inversi\u00f3n para alcanzar la capacidad que muestra la atenfar en la farmacia Institucional.<\/p>\n\n\n\n<p class=\"wp-block-paragraph\">En este punto, hag\u00e1monos la siguiente pregunta:<\/p>\n\n\n\n<p class=\"wp-block-paragraph\"><em>\u00bfEs econ\u00f3micamente sustentable para cualquier propietario de farmacia en mi pa\u00eds, dedicar tiempo, espacio e inversi\u00f3n para establecer una farmacia con un servicio de atenci\u00f3n farmac\u00e9utica, como dicta el libro?&nbsp;<\/em><\/p>\n\n\n\n<p class=\"wp-block-paragraph\">Probablemente, la respuesta sea negativa o una verdad a medias; sin embargo, hay actividades que ya practica el farmac\u00e9utico, que podr\u00edan favorecer una pr\u00e1ctica orientada al paciente, en la cual se busque la mejora en la calidad de la vida del paciente.<\/p>\n\n\n\n<figure class=\"wp-block-image size-full\"><img loading=\"lazy\" decoding=\"async\" width=\"768\" height=\"768\" src=\"https:\/\/juandiego.net\/dux\/wp-content\/uploads\/2023\/12\/DreamShaper_v7_At_the_morning_daylight_a_women_pharmacist_sitt_01-1.jpg\" alt=\"\" class=\"wp-image-1042\" srcset=\"https:\/\/juandiego.net\/dux\/wp-content\/uploads\/2023\/12\/DreamShaper_v7_At_the_morning_daylight_a_women_pharmacist_sitt_01-1.jpg 768w, https:\/\/juandiego.net\/dux\/wp-content\/uploads\/2023\/12\/DreamShaper_v7_At_the_morning_daylight_a_women_pharmacist_sitt_01-1-300x300.jpg 300w, https:\/\/juandiego.net\/dux\/wp-content\/uploads\/2023\/12\/DreamShaper_v7_At_the_morning_daylight_a_women_pharmacist_sitt_01-1-150x150.jpg 150w\" sizes=\"auto, (max-width: 768px) 100vw, 768px\" \/><\/figure>\n\n\n\n<p class=\"wp-block-paragraph\">Bueno, y es que la atenfar en principio lo que viene a cambiar es el paradigma de atenci\u00f3n centrada en el medicamento, a una atenci\u00f3n centrada en el paciente, que quiero decir con estos, le explico.<\/p>\n\n\n\n<p class=\"wp-block-paragraph\">El farmac\u00e9utico, en aras de mejorar la calidad de vida de los pacientes, toma y profundiza sobre los conceptos que yo llamo N-E-S-A de cada medicamento:<\/p>\n\n\n\n<ul class=\"wp-block-list\">\n<li><strong>N<\/strong>ecesidad.<\/li>\n\n\n\n<li><strong>E<\/strong>fectividad.<\/li>\n\n\n\n<li><strong>S<\/strong>eguridad.<\/li>\n\n\n\n<li><strong>A<\/strong>dherencia.\u00a0\u00a0\u00a0<\/li>\n<\/ul>\n\n\n\n<p class=\"has-accent-background-color has-background wp-block-paragraph\">Teniendo en cuenta que el paciente es m\u00e1s que un sistema biol\u00f3gico; en cambio, es un sistema m\u00e1s complejo, que tiene espiritualidad, emociones y un contexto psicosocial, entre otras dimensiones, que juegan un papel importante en la salud de las personas.<\/p>\n\n\n\n<p class=\"wp-block-paragraph\">De tal manera, que me permito citar una frase del libro: <\/p>\n\n\n\n<p class=\"wp-block-paragraph\">\u201cUna gu\u00eda pr\u00e1ctica de atenci\u00f3n farmac\u00e9utica\u201d, la cual dice:<\/p>\n\n\n\n<blockquote class=\"wp-block-quote is-layout-flow wp-block-quote-is-layout-flow\">\n<p class=\"wp-block-paragraph\"><em>Los medicamentos no tienen dosis, los pacientes s\u00ed.<\/em><\/p>\n<cite>Doctor. Rovers<\/cite><\/blockquote>\n\n\n\n<p class=\"wp-block-paragraph\">B\u00e1sicamente, nos viene a decir, valore si el paciente puede cumplir los conceptos NESA para cada medicamento.<\/p>\n\n\n\n<p class=\"wp-block-paragraph\">Esto pareciera una simplificaci\u00f3n de lo que representa la atenci\u00f3n farmac\u00e9utica, sin embargo, nos permite ver que la atenfar como cambio del paradigma de atenci\u00f3n, puede verse reflejada en peque\u00f1as acciones que beneficien la calidad de vida del paciente, a trav\u00e9s de los medicamentos.<\/p>\n\n\n\n<figure class=\"wp-block-image size-full\"><img loading=\"lazy\" decoding=\"async\" width=\"768\" height=\"768\" src=\"https:\/\/juandiego.net\/dux\/wp-content\/uploads\/2023\/12\/old-pharmacist.jpg\" alt=\"\" class=\"wp-image-1043\" srcset=\"https:\/\/juandiego.net\/dux\/wp-content\/uploads\/2023\/12\/old-pharmacist.jpg 768w, https:\/\/juandiego.net\/dux\/wp-content\/uploads\/2023\/12\/old-pharmacist-300x300.jpg 300w, https:\/\/juandiego.net\/dux\/wp-content\/uploads\/2023\/12\/old-pharmacist-150x150.jpg 150w\" sizes=\"auto, (max-width: 768px) 100vw, 768px\" \/><\/figure>\n\n\n\n<h1 class=\"wp-block-heading\">Que acciones debo implementar<\/h1>\n\n\n\n<p class=\"wp-block-paragraph\">Para cambiar el mundo, debemos empezar por nosotros. Esto se logra mediante una mente emp\u00e1tica, la que ser\u00e1 nuestra principal herramienta al comunicarnos con el paciente.<\/p>\n\n\n\n<p class=\"wp-block-paragraph\">Despu\u00e9s de trabajar su empat\u00eda, suelte su imaginaci\u00f3n y descubra que acciones puede llevar a cabo en su farmacia, por m\u00e1s peque\u00f1as que sean estas, si logra ayudar a un paciente con sus medicamentos, estar\u00e1 cambiando el mundo de esa persona de una manera que probablemente usted no imagine.<\/p>\n\n\n\n<figure class=\"wp-block-image size-full\"><img loading=\"lazy\" decoding=\"async\" width=\"768\" height=\"768\" src=\"https:\/\/juandiego.net\/dux\/wp-content\/uploads\/2023\/12\/ladyold.jpg\" alt=\"\" class=\"wp-image-1044\" srcset=\"https:\/\/juandiego.net\/dux\/wp-content\/uploads\/2023\/12\/ladyold.jpg 768w, https:\/\/juandiego.net\/dux\/wp-content\/uploads\/2023\/12\/ladyold-300x300.jpg 300w, https:\/\/juandiego.net\/dux\/wp-content\/uploads\/2023\/12\/ladyold-150x150.jpg 150w\" sizes=\"auto, (max-width: 768px) 100vw, 768px\" \/><\/figure>\n\n\n\n<p class=\"wp-block-paragraph\">Hasta el momento no hay recetas m\u00e1gicas, simplemente ocupa una buena voluntad personal y profesional para transformar su mundo y el de sus pacientes. Uno a uno, no importa, la satisfacci\u00f3n que recibir\u00e1 le har\u00e1 crecer como profesional y m\u00e1s importante como persona.<\/p>\n\n\n\n<blockquote class=\"wp-block-quote is-layout-flow wp-block-quote-is-layout-flow\">\n<p class=\"wp-block-paragraph\"><em>La mejor vida no es la m\u00e1s duradera, sino aquella que est\u00e1 repleta de buenas acciones.<\/em> <\/p>\n<cite> Marie Curie<\/cite><\/blockquote>\n\n\n\n<p class=\"wp-block-paragraph\">&nbsp;Los leo, saludos.<\/p>\n","protected":false},"excerpt":{"rendered":"<p>Hace pocos d\u00edas le\u00eda una frase en las redes sociales que dec\u00eda m\u00e1s o menos as\u00ed: \u201cLa farmacia que no tenga atenci\u00f3n farmac\u00e9utica deber\u00eda darles verg\u00fcenza\u201d Indudablemente, son palabras duras, por tal raz\u00f3n quise investigar y mediante el an\u00e1lisis l\u00f3gico verificar si es verdad que alg\u00fan colega que no tenga atenci\u00f3n farmac\u00e9utica(atenfar) en la farmacia [&hellip;]<\/p>\n","protected":false},"author":1,"featured_media":1040,"comment_status":"open","ping_status":"open","sticky":false,"template":"","format":"standard","meta":{"_bbp_topic_count":0,"_bbp_reply_count":0,"_bbp_total_topic_count":0,"_bbp_total_reply_count":0,"_bbp_voice_count":0,"_bbp_anonymous_reply_count":0,"_bbp_topic_count_hidden":0,"_bbp_reply_count_hidden":0,"_bbp_forum_subforum_count":0,"_crdt_document":"","footnotes":""},"categories":[45],"tags":[60],"class_list":["post-1036","post","type-post","status-publish","format-standard","has-post-thumbnail","hentry","category-atencion-farmaceutica","tag-empatia"],"_links":{"self":[{"href":"https:\/\/juandiego.net\/dux\/wp-json\/wp\/v2\/posts\/1036","targetHints":{"allow":["GET"]}}],"collection":[{"href":"https:\/\/juandiego.net\/dux\/wp-json\/wp\/v2\/posts"}],"about":[{"href":"https:\/\/juandiego.net\/dux\/wp-json\/wp\/v2\/types\/post"}],"author":[{"embeddable":true,"href":"https:\/\/juandiego.net\/dux\/wp-json\/wp\/v2\/users\/1"}],"replies":[{"embeddable":true,"href":"https:\/\/juandiego.net\/dux\/wp-json\/wp\/v2\/comments?post=1036"}],"version-history":[{"count":3,"href":"https:\/\/juandiego.net\/dux\/wp-json\/wp\/v2\/posts\/1036\/revisions"}],"predecessor-version":[{"id":1045,"href":"https:\/\/juandiego.net\/dux\/wp-json\/wp\/v2\/posts\/1036\/revisions\/1045"}],"wp:featuredmedia":[{"embeddable":true,"href":"https:\/\/juandiego.net\/dux\/wp-json\/wp\/v2\/media\/1040"}],"wp:attachment":[{"href":"https:\/\/juandiego.net\/dux\/wp-json\/wp\/v2\/media?parent=1036"}],"wp:term":[{"taxonomy":"category","embeddable":true,"href":"https:\/\/juandiego.net\/dux\/wp-json\/wp\/v2\/categories?post=1036"},{"taxonomy":"post_tag","embeddable":true,"href":"https:\/\/juandiego.net\/dux\/wp-json\/wp\/v2\/tags?post=1036"}],"curies":[{"name":"wp","href":"https:\/\/api.w.org\/{rel}","templated":true}]}}